{"id":11,"date":"2026-04-27T10:06:17","date_gmt":"2026-04-27T08:06:17","guid":{"rendered":"https:\/\/www.la-famille.org\/sud-rural\/?p=11"},"modified":"2026-04-27T11:46:03","modified_gmt":"2026-04-27T09:46:03","slug":"csa-enseignement-agricole-du-3-fevrier-2025","status":"publish","type":"post","link":"https:\/\/www.la-famille.org\/sud-rural\/2026\/04\/27\/csa-enseignement-agricole-du-3-fevrier-2025\/","title":{"rendered":"CSA Enseignement Agricole du 3 f\u00e9vrier 2025"},"content":{"rendered":"\n<p>On ne pourrait que se r\u00e9jouir de ces chiffres sur la rentr\u00e9e 2025 avec cette augmentation des effectifs dans l\u2019EAP de 627 \u00e9l\u00e8ves m\u00eame si nous \u00e9tions en droit de recevoir les chiffres de l\u2019apprentissage ! Malgr\u00e9 tout des inqui\u00e9tudes demeurent : alors m\u00eame que ces effectifs augmentent, en tendance la contrainte budg\u00e9taire se resserre d\u2019ann\u00e9es en ann\u00e9es. La politique d\u2019aust\u00e9rit\u00e9 vis \u00e0 vis de notre enseignement agricole public est la norme et se poursuit : des r\u00e9gions perdent de fait des ETP d\u2019enseignant.es dans le cadre d\u2019un budget de 2026 qui demeure sans ambition (on citera en particulier la Bourgogne Franche Comt\u00e9 et la Nouvelle Aquitaine), des moyens humains sont toujours contraints (y compris pour seulement assurer des remplacements d\u2019agent.es en maladie) que ce soit pour les ATLS, les AESH, les AED, les CPE ou les infirmi\u00e8r.es. Certains CFA\/CFPPA annoncent des licenciements et que dire de la lenteur des discussions sur le temps de travail dans le but d\u2019aboutir \u00e0 un accord collectif permettant enfin d\u2019am\u00e9liorer les conditions de travail des ACB, conform\u00e9ment aux engagements pris vis-\u00e0-vis des agent.es ! Le choix de la pr\u00e9carit\u00e9 est toujours de mise en maintenant nombre de personnel enseignant.es comme non enseignant.es sous contrat. Et toujours aucun dispositif de d\u00e9pr\u00e9carisation envisag\u00e9 par la titularisation !<\/p>\n\n\n\n<p>Malgr\u00e9 cette \u201cbonne\u201d nouvelle d\u2019augmentation des effectifs, nous devons toujours nous battre pour d\u00e9fendre notre enseignement agricole public.<\/p>\n\n\n\n<p>Alors m\u00eame que le discours politique est ax\u00e9 sur le besoin de renouvellement de nos g\u00e9n\u00e9rations en agriculture, des transitions n\u00e9cessaires pour faire face au changement climatique et \u00e0 un environnement international de plus en plus concurrentiel, notre minist\u00e8re ne fait toujours pas le choix d\u2019investir \u201cmassivement\u201d dans notre jeunesse qui portera l\u2019agriculture de demain.<\/p>\n\n\n\n<p>Au contraire, la logique d\u2019optimisation est de mise, allant m\u00eame jusqu\u2019\u00e0 envisager des partenariats publics\/priv\u00e9s \u00e0 l\u2019\u00e9chelle de nos d\u00e9partements voire au sein de nos formations comme l\u2019illustre si bien notre \u201cfuture\u201d carte de Bachelor Agro. On peut se questionner sur la volont\u00e9 de notre minist\u00e8re de d\u00e9fendre un service public de l\u2019enseignement port\u00e9 par des \u00e9tablissements publics !<\/p>\n\n\n\n<p>L\u2019\u00c9lan Commun ne peut pas accepter cette politique d\u2019un enseignement agricole public au rabais.<\/p>\n\n\n\n<p>Par ailleurs, l\u2019\u00c9lan commun d\u00e9nonce les deux poids deux mesures dans le traitement de la crise agricole et dans les agissements des forces de l\u2019ordre envers les manifestant\u00b7e\u00b7s : l\u2019impunit\u00e9 pour certaines organisations et la r\u00e9pression des forces de l\u2019ordre pour l\u2019autre !<\/p>\n\n\n\n<p>Il consid\u00e8re qu\u2019\u00e0 l\u2019heure o\u00f9 nos \u00e9tablissements sont menac\u00e9s parfois de l\u2019int\u00e9rieur par des jeunes affichant leur appartenance syndicale et allant m\u00eame jusqu\u2019\u00e0 contester certains enseignements, cette gestion de la crise ne peut que servir ceux qui n\u2019h\u00e9sitent pas \u00e0 faire de l\u2019entrisme car il faut bien nommer ce type de comportement. Nous le d\u00e9plorons, n\u2019attendons pas qu\u2019il ne soit trop tard ! Nous ne pourrons pas dire \u201cnous ne savions pas\u201d !<\/p>\n\n\n\n<p>L\u2019\u00c9lan Commun d\u00e9fend un enseignement agricole public, neutre de toutes organisations professionnelles, inclusif, \u00e9mancipateur et porteur des valeurs de la R\u00e9publique.<\/p>\n\n\n\n<h4 class=\"wp-block-heading\">L\u2019\u00c9lan commun d\u00e9fend un enseignement agricole public ambitieux qui accompagne notre jeunesse vers une agriculture respectueuse de l\u2019environnement et de la sant\u00e9 de toutes et tous.<\/h4>\n","protected":false},"excerpt":{"rendered":"<p>On ne pourrait que se r\u00e9jouir de ces chiffres sur la rentr\u00e9e 2025 avec cette augmentation des effectifs dans l\u2019EAP de 627 \u00e9l\u00e8ves m\u00eame si nous \u00e9tions en droit de recevoir les chiffres de l\u2019apprentissage ! Malgr\u00e9 tout des inqui\u00e9tudes demeurent : alors m\u00eame que ces effectifs augmentent, en tendance la contrainte budg\u00e9taire se resserre [&hellip;]<\/p>\n","protected":false},"author":1,"featured_media":24,"comment_status":"open","ping_status":"open","sticky":false,"template":"","format":"standard","meta":{"footnotes":""},"categories":[1],"tags":[4],"class_list":["post-11","post","type-post","status-publish","format-standard","has-post-thumbnail","hentry","category-non-classe","tag-enseignement-agricole-public"],"_links":{"self":[{"href":"https:\/\/www.la-famille.org\/sud-rural\/wp-json\/wp\/v2\/posts\/11","targetHints":{"allow":["GET"]}}],"collection":[{"href":"https:\/\/www.la-famille.org\/sud-rural\/wp-json\/wp\/v2\/posts"}],"about":[{"href":"https:\/\/www.la-famille.org\/sud-rural\/wp-json\/wp\/v2\/types\/post"}],"author":[{"embeddable":true,"href":"https:\/\/www.la-famille.org\/sud-rural\/wp-json\/wp\/v2\/users\/1"}],"replies":[{"embeddable":true,"href":"https:\/\/www.la-famille.org\/sud-rural\/wp-json\/wp\/v2\/comments?post=11"}],"version-history":[{"count":1,"href":"https:\/\/www.la-famille.org\/sud-rural\/wp-json\/wp\/v2\/posts\/11\/revisions"}],"predecessor-version":[{"id":12,"href":"https:\/\/www.la-famille.org\/sud-rural\/wp-json\/wp\/v2\/posts\/11\/revisions\/12"}],"wp:featuredmedia":[{"embeddable":true,"href":"https:\/\/www.la-famille.org\/sud-rural\/wp-json\/wp\/v2\/media\/24"}],"wp:attachment":[{"href":"https:\/\/www.la-famille.org\/sud-rural\/wp-json\/wp\/v2\/media?parent=11"}],"wp:term":[{"taxonomy":"category","embeddable":true,"href":"https:\/\/www.la-famille.org\/sud-rural\/wp-json\/wp\/v2\/categories?post=11"},{"taxonomy":"post_tag","embeddable":true,"href":"https:\/\/www.la-famille.org\/sud-rural\/wp-json\/wp\/v2\/tags?post=11"}],"curies":[{"name":"wp","href":"https:\/\/api.w.org\/{rel}","templated":true}]}}