{"id":13,"date":"2026-04-27T10:06:49","date_gmt":"2026-04-27T08:06:49","guid":{"rendered":"https:\/\/www.la-famille.org\/sud-rural\/?p=13"},"modified":"2026-04-27T11:45:04","modified_gmt":"2026-04-27T09:45:04","slug":"lettre-ouverte-aux-ministres-mobilites-dans-les-ddi","status":"publish","type":"post","link":"https:\/\/www.la-famille.org\/sud-rural\/2026\/04\/27\/lettre-ouverte-aux-ministres-mobilites-dans-les-ddi\/","title":{"rendered":"Lettre ouverte aux ministres \u2013 Mobilit\u00e9s dans les DDI"},"content":{"rendered":"\n<p>Mesdames et Messieurs les ministres,<\/p>\n\n\n\n<p>Vous avez d\u00e9cid\u00e9 de modifier le processus de mobilit\u00e9s, en supprimant le dernier cycle g\u00e9n\u00e9ral. Cette modification, \u00e0 grand renfort de communiqu\u00e9, restera une occasion manqu\u00e9e : celle de r\u00e9cup\u00e9rer les agent\u00b7es des DDT(M) et DDETS(PP) dans le minist\u00e8re.<\/p>\n\n\n\n<p>En effet, depuis la mise en ligne du nouveau <strong><a href=\"https:\/\/recrutement.ecologie.gouv.fr\/\">site de mobilit\u00e9s<\/a><\/strong> du p\u00f4le minist\u00e9riel, les postes relevant de nos minist\u00e8res dans les DDT(M) et DDETS(PP) ne sont plus publi\u00e9s sur ce site. Au lieu de cela, nous sommes renvoy\u00e9s \u00e0 <strong><a href=\"https:\/\/choisirleservicepublic.gouv.fr\/\">Choisir le service public<\/a><\/strong>, o\u00f9 les postes sont noy\u00e9s sous le vocable de l\u2019Administration Territoriale de l\u2019\u00c9tat (ATE).<\/p>\n\n\n\n<p>C\u2019est une nouvelle concession de notre minist\u00e8re \u00e0 celui de l\u2019Int\u00e9rieur, que n\u2019ont fait aucun des autres minist\u00e8res pr\u00e9sents dans les DDI (et notamment pas celui de l\u2019Agriculture). Cela renvoie \u00e0 une conception fausse : nos parcours professionnels se feraient au sein d\u2019une ATE r\u00eav\u00e9e, o\u00f9 l\u2019on passerait de la protection des milieux aquatiques \u00e0 la chasse aux \u00e9tranger\u00b7e\u00b7s.<\/p>\n\n\n\n<p>Cela \u00e9lude toute la culture minist\u00e9rielle qui est la n\u00f4tre. Celle d\u2019un minist\u00e8re technique, capable d\u2019analyser des sujets complexes afin de faire advenir un monde meilleur, de \u00ab&nbsp;rendre notre plan\u00e8te de nouveau superbe&nbsp;\u00bb, pour reprendre les mots du pr\u00e9sident.<\/p>\n\n\n\n<p>Nous demandons donc \u00e0 ce que les postes en DDI soient int\u00e9gr\u00e9s sur le site minist\u00e9riel des mobilit\u00e9s, afin que l\u2019infrastructure num\u00e9rique soutienne des parcours professionnels coh\u00e9rents, synonymes de mont\u00e9e en comp\u00e9tences.<\/p>\n\n\n\n<p>Plus g\u00e9n\u00e9ralement, nous demandons une \u00e9quipe minist\u00e9rielle qui ait confiance dans son administration et qui d\u00e9fende ses agent\u00b7es au quotidien, au lieu de nous jeter en p\u00e2ture au minist\u00e8re de l\u2019Int\u00e9rieur et aux pr\u00e9fets.<\/p>\n","protected":false},"excerpt":{"rendered":"<p>Mesdames et Messieurs les ministres, Vous avez d\u00e9cid\u00e9 de modifier le processus de mobilit\u00e9s, en supprimant le dernier cycle g\u00e9n\u00e9ral. Cette modification, \u00e0 grand renfort de communiqu\u00e9, restera une occasion manqu\u00e9e : celle de r\u00e9cup\u00e9rer les agent\u00b7es des DDT(M) et DDETS(PP) dans le minist\u00e8re. En effet, depuis la mise en ligne du nouveau site de [&hellip;]<\/p>\n","protected":false},"author":1,"featured_media":21,"comment_status":"open","ping_status":"open","sticky":false,"template":"","format":"standard","meta":{"footnotes":""},"categories":[1],"tags":[6,5],"class_list":["post-13","post","type-post","status-publish","format-standard","has-post-thumbnail","hentry","category-non-classe","tag-ddi","tag-environnement"],"_links":{"self":[{"href":"https:\/\/www.la-famille.org\/sud-rural\/wp-json\/wp\/v2\/posts\/13","targetHints":{"allow":["GET"]}}],"collection":[{"href":"https:\/\/www.la-famille.org\/sud-rural\/wp-json\/wp\/v2\/posts"}],"about":[{"href":"https:\/\/www.la-famille.org\/sud-rural\/wp-json\/wp\/v2\/types\/post"}],"author":[{"embeddable":true,"href":"https:\/\/www.la-famille.org\/sud-rural\/wp-json\/wp\/v2\/users\/1"}],"replies":[{"embeddable":true,"href":"https:\/\/www.la-famille.org\/sud-rural\/wp-json\/wp\/v2\/comments?post=13"}],"version-history":[{"count":1,"href":"https:\/\/www.la-famille.org\/sud-rural\/wp-json\/wp\/v2\/posts\/13\/revisions"}],"predecessor-version":[{"id":14,"href":"https:\/\/www.la-famille.org\/sud-rural\/wp-json\/wp\/v2\/posts\/13\/revisions\/14"}],"wp:featuredmedia":[{"embeddable":true,"href":"https:\/\/www.la-famille.org\/sud-rural\/wp-json\/wp\/v2\/media\/21"}],"wp:attachment":[{"href":"https:\/\/www.la-famille.org\/sud-rural\/wp-json\/wp\/v2\/media?parent=13"}],"wp:term":[{"taxonomy":"category","embeddable":true,"href":"https:\/\/www.la-famille.org\/sud-rural\/wp-json\/wp\/v2\/categories?post=13"},{"taxonomy":"post_tag","embeddable":true,"href":"https:\/\/www.la-famille.org\/sud-rural\/wp-json\/wp\/v2\/tags?post=13"}],"curies":[{"name":"wp","href":"https:\/\/api.w.org\/{rel}","templated":true}]}}