{"id":15,"date":"2026-04-27T10:07:16","date_gmt":"2026-04-27T08:07:16","guid":{"rendered":"https:\/\/www.la-famille.org\/sud-rural\/?p=15"},"modified":"2026-04-27T11:49:20","modified_gmt":"2026-04-27T09:49:20","slug":"deces-deleves-dans-le-cadre-de-stages","status":"publish","type":"post","link":"https:\/\/www.la-famille.org\/sud-rural\/2026\/04\/27\/deces-deleves-dans-le-cadre-de-stages\/","title":{"rendered":"D\u00e9c\u00e8s d\u2019\u00e9l\u00e8ves dans le cadre de stages"},"content":{"rendered":"\n<h3 class=\"wp-block-heading\">Courrier aux ministres du Travail, de l\u2019\u00c9ducation, de l\u2019Agriculture et de la Fonction Publique<\/h3>\n\n\n\n<p>Paris le 2 avril 2026<\/p>\n\n\n\n<p>\u00c0 Monsieur Edouard Geffray,<br>Ministre de l\u2019\u00c9ducation nationale,<br>de \u2019enseignement sup\u00e9rieur et de la recherche<\/p>\n\n\n\n<p>\u00c0 Monsieur Jean-Pierre Farandou<br>Ministre du travail et des Solidarit\u00e9s<\/p>\n\n\n\n<p>\u00c0 Monsieur David Amiel<br>Ministre de l\u2019Action et des Comptes publics<\/p>\n\n\n\n<p>\u00c0 Madame Annie Genevard<br>Ministre de l\u2019agriculture et de la souverainet\u00e9 alimentaire<\/p>\n\n\n\n<p>Madame et messieurs les ministres,<\/p>\n\n\n\n<p>Suite \u00e0 notre premier courrier du 15 juillet 2025, nous nous permettons de vous \u00e9crire \u00e0 nouveau concernant les tragiques d\u00e9c\u00e8s de jeunes en formation, en apprentissage ou en stage d\u2019observation.<\/p>\n\n\n\n<p>Pour rappel, le 17 juin 2025, un \u00e9l\u00e8ve de seconde g\u00e9n\u00e9rale, scolaris\u00e9 au lyc\u00e9e polyvalent Curie-Corot de Saint-L\u00f4, trouvait la mort sur le lieu o\u00f9 il exer\u00e7ait son stage d\u2019observation de fin d\u2019ann\u00e9e en milieu professionnel. Cet accident tragique du 17 juin 2025 n\u2019\u00e9tait pas un fait isol\u00e9 : le 30 avril 2025, un \u00e9l\u00e8ve apprenti ma\u00e7on \u00e2g\u00e9 de 15 ans perdait la vie sur un chantier \u00e0 Saint-Martin du Var ; le 16 mai 2025, c\u2019est un lyc\u00e9en pr\u00e9parant un bac professionnel qui trouvait la mort en Sa\u00f4ne-et-Loire dans l\u2019entreprise o\u00f9 il \u00e9tait en stage. Vendredi 27 juin 2025, une jeune femme de 19 ans, suivant une formation dans un lyc\u00e9e agricole de Corr\u00e8ze, a elle aussi perdu la vie dans la ferme o\u00f9 elle \u00e9tait en stage. Vendredi 4 juillet 2025, dans le Maine-et-Loire, un jeune homme de 16 ans d\u00e9c\u00e9dait, lui aussi durant son stage dans une exploitation agricole.<\/p>\n\n\n\n<p>Suite \u00e0 ces drames, nous avons fait parvenir \u00e0 vos services <strong><a href=\"https:\/\/www.sud-rural.org\/wp-content\/uploads\/2026\/04\/Deces_Eleves_Stages_250715.pdf\">un premier courrier<\/a><\/strong>, rest\u00e9 sans r\u00e9ponse. La France est aujourd\u2019hui le pays d\u2019Europe qui compte le plus d\u2019accidents du travail mortels par nombre de travailleurs\u00b7euses. Nous r\u00e9it\u00e9rons nos propos du mois de juillet 2025 : cette liste macabre signale un probl\u00e8me d\u2019ampleur et montre la r\u00e9currence scandaleuse d\u2019accidents mortels co\u00fbtant la vie \u00e0 des jeunes en formation, en apprentissage ou stage d\u2019observation.<\/p>\n\n\n\n<p>Cette succession ne rel\u00e8ve pas d\u2019une co\u00efncidence : c\u2019est le r\u00e9sultat de choix politiques qui promeuvent un rapprochement toujours plus grand entre l\u2019\u00e9cole et l\u2019entreprise, une confrontation des jeunes au monde du travail toujours plus pr\u00e9coce et plus longue. Pourtant, la mainmise des entreprises sur la formation pr\u00e9sente de nombreux risques contre lesquels nos organisations syndicales alertent depuis longtemps. La jeunesse, consid\u00e9r\u00e9e comme chair \u00e0 patron, est sacrifi\u00e9e. Les chiffres officiels sont sans appel. En effet, le taux d\u2019accident du fait du travail est bien plus \u00e9lev\u00e9 chez les jeunes : d\u2019apr\u00e8s l\u2019INRS, les 15-24 ans connaissent en moyenne 2,5 fois plus d\u2019accidents de travail que l\u2019ensemble des salari\u00e9\u00b7e\u00b7s.<\/p>\n\n\n\n<p>Avec l\u2019augmentation des stages et des p\u00e9riodes de formation en milieu professionnel, les r\u00e9formes successives de l\u2019\u00c9ducation nationale poussent de plus en plus de jeunes, de plus en plus t\u00f4t et sur des p\u00e9riodes de plus en plus longues, dans les entreprises : \u00ab initiation \u00e0 l\u2019orientation \u00bb d\u00e8s la classe de 5e, stage obligatoire de 15 jours en milieu professionnel pour les \u00e9l\u00e8ves de seconde g\u00e9n\u00e9rale et technologique, travail des \u00e9l\u00e8ves de lyc\u00e9e professionnel d\u00e8s la seconde sur le choix \u00e0 faire en terminale pour la poursuite d\u2019\u00e9tudes ou l\u2019insertion sur le march\u00e9 du travail. La lib\u00e9ralisation de l\u2019apprentissage en 2020 a permis l\u2019explosion du nombre d\u2019apprenti\u00b7es (pass\u00e9 de 300 000 \u00e0 plus de 800 000 nouveaux contrats par an entre 2018 et 2022) et la cr\u00e9ation de formations tous azimuts, mal (ou pas) encadr\u00e9es, sans compter le nombre de formations fant\u00f4mes d\u00e9livr\u00e9es par des organismes virtuels. Par contre, les jeunes sont bien pr\u00e9sent\u00b7e\u00b7s dans les entreprises et y travaillent, souvent comme n\u2019importe quel\u00b7le salari\u00e9\u00b7e. Cette professionnalisation des parcours scolaires sert les int\u00e9r\u00eats du patronat, \u00e0 qui elle fournit une main d\u2019\u0153uvre exploitable et bon march\u00e9, voire gratuite et \u00e0 la charge de l\u2019\u00c9tat. Les jeunes, quant \u00e0 elles et eux, sont attir\u00e9\u00b7es vers le monde de l\u2019entreprise \u00e0 coups de gratifications d\u00e9risoires.<\/p>\n\n\n\n<p>Cette introduction des jeunes dans les lieux de travail s\u2019op\u00e8re sans que soient prises les mesures n\u00e9cessaires pour assurer leur sant\u00e9 et leur s\u00e9curit\u00e9, pour pr\u00e9venir les risques auxquels ces jeunes sont expos\u00e9\u00b7e\u00b7s.<\/p>\n\n\n\n<p>Cette situation, compte tenu des cons\u00e9quences tragiques qu\u2019elle a trop souvent, impose des mesures urgentes pour prot\u00e9ger les \u00e9l\u00e8ves et les jeunes en formation. En raison des risques encourus, les stages en milieu professionnel et les p\u00e9riodes en entreprises des \u00e9l\u00e8ves doivent \u00eatre limit\u00e9s et strictement encadr\u00e9s.<\/p>\n\n\n\n<p>\u00c0 ce titre, nos organisations demandent :<\/p>\n\n\n\n<ul class=\"wp-block-list\">\n<li>une r\u00e9vision du code de travail pour int\u00e9grer pr\u00e9cis\u00e9ment les droits des \u00e9l\u00e8ves stagiaires et des jeunes en formation, garantir l\u2019exercice de ces droits, pr\u00e9venir les nombreux risques professionnels auxquels ces jeunes sont confront\u00e9\u00b7es comme l\u2019ensemble des travailleurs\u00b7euses ;<\/li>\n\n\n\n<li>le r\u00e9tablissement de l\u2019autorisation pr\u00e9alable d\u00e9livr\u00e9e par l\u2019inspection du travail pour l\u2019emploi dejeunes mineurs \u00e0 des travaux dangereux, supprim\u00e9e en 2015 ;<\/li>\n\n\n\n<li>l\u2019\u00e9largissement de la proc\u00e9dure de retrait des jeunes travailleur\u00b7euses, des apprenti\u00b7e\u00b7s et desstagiaires en cas de situation dangereuse constat\u00e9e par l\u2019inspection du travail ;<\/li>\n\n\n\n<li>le r\u00e9tablissement d\u2019un v\u00e9ritable contr\u00f4le par l\u2019\u00c9tat des organismes de formation qui proposent et organisent les formations en alternance ;<br><\/li>\n\n\n\n<li>un renforcement des services de l\u2019inspection du travail pour pouvoir exercer les contr\u00f4les qui s\u2019imposent afin de s\u2019assurer que toutes les mesures sont prises par les employeurs pour encadrer les stagiaires et les apprenti\u00b7es, les accompagner sans les mettre en danger, respecter les conditions dans lesquelles les stages doivent s\u2019effectuer ;<\/li>\n\n\n\n<li>du temps suppl\u00e9mentaire lib\u00e9r\u00e9 de cours et r\u00e9mun\u00e9r\u00e9 pour les enseignant\u00b7e\u00b7s, ainsi que des formations sp\u00e9cifiques, afin de pouvoir v\u00e9rifier la qualit\u00e9 de l\u2019accueil des \u00e9l\u00e8ves au sein des entreprises, d\u2019assurer un suivi p\u00e9dagogique, d\u2019aller rencontrer les employeurs ;<\/li>\n\n\n\n<li>un acc\u00e8s gratuit et garanti aux \u00e9quipements de protection individuelle pour tou\u00b7te\u00b7s les \u00e9l\u00e8ves, et ce d\u00e8s le d\u00e9but de la scolarit\u00e9 en lyc\u00e9e professionnel ou en CFA, avant tout stage, y compris de simple observation, en milieu professionnel ;<\/li>\n\n\n\n<li>davantage de formations aux premiers secours \u00e0 destination des \u00e9l\u00e8ves et des personnels de l\u2019\u00e9ducation nationale et de l\u2019agriculture, et des mises \u00e0 niveau r\u00e9guli\u00e8res ;<\/li>\n\n\n\n<li>un renforcement des formations sur le droit du travail \u00e0 destination des \u00e9l\u00e8ves et des jeunes en formation, notamment en termes de culture des risques professionnels, pr\u00e9alablement \u00e0 toute pr\u00e9sence dans le monde du travail. Ces formations doivent imp\u00e9rativement int\u00e9grer un module complet sur la pr\u00e9vention des violences sexuelles et sexistes au travail ;<\/li>\n\n\n\n<li>la suppression du parcours en Y pour les \u00e9l\u00e8ves de lyc\u00e9e professionnel, les conditions impos\u00e9es sur les stages des 6 derni\u00e8res semaines ne permettant pas un suivi de qualit\u00e9 ;<\/li>\n\n\n\n<li>la suppression du stage d\u2019observation en milieu professionnel mis en place pour les \u00e9l\u00e8ves de troisi\u00e8me et de seconde g\u00e9n\u00e9rale et technologique. Ce dispositif avait \u00e9t\u00e9 largement rejet\u00e9 en conseil sup\u00e9rieur de l\u2019\u00e9ducation, il creuse les in\u00e9galit\u00e9s socio-\u00e9conomiques que subissent les \u00e9l\u00e8ves et s\u2019oppose aux principes d\u2019\u00e9mancipation qui doivent guider les politiques \u00e9ducatives.<\/li>\n<\/ul>\n\n\n\n<p>Ces demandes sont n\u00e9cessaires pour am\u00e9liorer la protection de notre jeunesse et celle de l\u2019ensemble des travailleurs et travailleuses. Devant leur urgence et la n\u00e9cessit\u00e9 d\u2019agir, nous nous r\u00e9servons le droit de rendre public ce courrier.<\/p>\n\n\n\n<p>Veuillez agr\u00e9er madame et messieurs les ministres, l\u2019expression de notre parfaite consid\u00e9ration.<\/p>\n\n\n\n<figure class=\"wp-block-table\"><table class=\"has-fixed-layout\"><tbody><tr><td>Union Syndicale Solidaires<br>Julie Ferrua et Murielle Guilbert.<br>Co-d\u00e9l\u00e9gu\u00e9es Union Syndicale Solidaires<\/td><td>Sud \u00c9ducation<br>Benjamin Baun\u00e9 et Maud Val\u00e9geas<br>Secr\u00e9taires F\u00e9d\u00e9raux<\/td><\/tr><tr><td>Sud Rural Territoires<br>Lo\u00efc Bour et Dominique Blivet<br>Secr\u00e9taires nationaux<\/td><td>Sud Travail Affaires Sociales<br>Sarah-Lo\u00eblia AKNIN<br>Secr\u00e9taire nationale<\/td><\/tr><tr><td>SUNDEP Solidaires<br>Albine Bellinger et Christian Hamon<br>Co-secr\u00e9taires g\u00e9n\u00e9raux<\/td><td>Fonction Publique<br>Ga\u00eblle Martinez<br>D\u00e9l\u00e9gu\u00e9e G\u00e9n\u00e9rale<\/td><\/tr><\/tbody><\/table><\/figure>\n","protected":false},"excerpt":{"rendered":"<p>Courrier aux ministres du Travail, de l\u2019\u00c9ducation, de l\u2019Agriculture et de la Fonction Publique Paris le 2 avril 2026 \u00c0 Monsieur Edouard Geffray,Ministre de l\u2019\u00c9ducation nationale,de \u2019enseignement sup\u00e9rieur et de la recherche \u00c0 Monsieur Jean-Pierre FarandouMinistre du travail et des Solidarit\u00e9s \u00c0 Monsieur David AmielMinistre de l\u2019Action et des Comptes publics \u00c0 Madame Annie GenevardMinistre [&hellip;]<\/p>\n","protected":false},"author":1,"featured_media":25,"comment_status":"open","ping_status":"open","sticky":false,"template":"","format":"standard","meta":{"footnotes":""},"categories":[1],"tags":[4],"class_list":["post-15","post","type-post","status-publish","format-standard","has-post-thumbnail","hentry","category-non-classe","tag-enseignement-agricole-public"],"_links":{"self":[{"href":"https:\/\/www.la-famille.org\/sud-rural\/wp-json\/wp\/v2\/posts\/15","targetHints":{"allow":["GET"]}}],"collection":[{"href":"https:\/\/www.la-famille.org\/sud-rural\/wp-json\/wp\/v2\/posts"}],"about":[{"href":"https:\/\/www.la-famille.org\/sud-rural\/wp-json\/wp\/v2\/types\/post"}],"author":[{"embeddable":true,"href":"https:\/\/www.la-famille.org\/sud-rural\/wp-json\/wp\/v2\/users\/1"}],"replies":[{"embeddable":true,"href":"https:\/\/www.la-famille.org\/sud-rural\/wp-json\/wp\/v2\/comments?post=15"}],"version-history":[{"count":1,"href":"https:\/\/www.la-famille.org\/sud-rural\/wp-json\/wp\/v2\/posts\/15\/revisions"}],"predecessor-version":[{"id":16,"href":"https:\/\/www.la-famille.org\/sud-rural\/wp-json\/wp\/v2\/posts\/15\/revisions\/16"}],"wp:featuredmedia":[{"embeddable":true,"href":"https:\/\/www.la-famille.org\/sud-rural\/wp-json\/wp\/v2\/media\/25"}],"wp:attachment":[{"href":"https:\/\/www.la-famille.org\/sud-rural\/wp-json\/wp\/v2\/media?parent=15"}],"wp:term":[{"taxonomy":"category","embeddable":true,"href":"https:\/\/www.la-famille.org\/sud-rural\/wp-json\/wp\/v2\/categories?post=15"},{"taxonomy":"post_tag","embeddable":true,"href":"https:\/\/www.la-famille.org\/sud-rural\/wp-json\/wp\/v2\/tags?post=15"}],"curies":[{"name":"wp","href":"https:\/\/api.w.org\/{rel}","templated":true}]}}