{"id":33,"date":"2026-04-27T15:22:38","date_gmt":"2026-04-27T13:22:38","guid":{"rendered":"https:\/\/www.la-famille.org\/sud-rural\/?p=33"},"modified":"2026-04-27T15:22:38","modified_gmt":"2026-04-27T13:22:38","slug":"lextreme-droit-aboie-la-ministre-baisse-la-tete","status":"publish","type":"post","link":"https:\/\/www.la-famille.org\/sud-rural\/2026\/04\/27\/lextreme-droit-aboie-la-ministre-baisse-la-tete\/","title":{"rendered":"L\u2019extr\u00eame droit aboie, la ministre baisse la t\u00eate"},"content":{"rendered":"\n<p>Si certain\u00b7e\u00b7s parmi nous avaient eu l\u2019espoir, avec la nomination de Madame <strong><a href=\"https:\/\/www.ecologie.gouv.fr\/monique-barbut\">Monique Barbut<\/a><\/strong> au minist\u00e8re charg\u00e9 de l\u2019environnement, d\u2019avoir enfin une ministre qui d\u00e9fendrait son administration et ses missions, ils et elles n\u2019auront pas tard\u00e9 \u00e0 \u00eatre d\u00e9\u00e7u\u00b7e\u00b7s.<\/p>\n\n\n\n<p>\u00c0 peine trois mois apr\u00e8s son arriv\u00e9e aux affaires, la ministre c\u00e8de aux <strong><a href=\"https:\/\/www.mediapart.fr\/journal\/ecologie\/020226\/injures-sexistes-et-anti-ecolos-une-dirigeante-de-l-office-francais-de-la-biodiversite-menacee\">sir\u00e8nes<\/a><\/strong> de la Coordination Rurale et de l\u2019extr\u00eame droite et <strong><a href=\"https:\/\/www.franceinfo.fr\/environnement\/biodiversite\/office-de-la-biodiversite-le-gouvernement-lance-une-enquete-administrative-apres-une-nomination-contestee-par-une-partie-du-monde-agricole_7768616.html\">mandate<\/a><\/strong> les inspections g\u00e9n\u00e9rales sur le processus de <strong><a href=\"https:\/\/ofb.gouv.fr\/sites\/ofb-gouv-fr\/files\/2025-12\/decision-2026-dg-01_0.pdf\">nomination<\/a><\/strong> de Madame Anne Le Strat comme directrice g\u00e9n\u00e9rale d\u00e9l\u00e9gu\u00e9e de l<strong><a href=\"https:\/\/ofb.gouv.fr\/\">\u2018Office Fran\u00e7ais de la Biodiversit\u00e9<\/a><\/strong>, cible favorite de tout ce que la politique fran\u00e7aise compte d\u2019anti-\u00e9cologistes depuis plusieurs ann\u00e9es.<\/p>\n\n\n\n<p>La suspicion lanc\u00e9e par la ministre sur sa propre administration est insupportable. Elle d\u00e9montre le manque de confiance qu\u2019elle porte \u00e0 celles et ceux qui, dans le agences, les \u00e9tablissements publics, les services centraux ou d\u00e9concentr\u00e9s, portent chaque jour les politiques publiques minist\u00e9rielles, vot\u00e9es par la repr\u00e9sentation nationale.<\/p>\n\n\n\n<p>Ce qui d\u00e9range l\u2019extr\u00eame droite, c\u2019est bien la nomination d\u2019une personne comp\u00e9tente, experte des missions qu\u2019elle devra accomplir\u2026 contrairement \u00e0 tou\u00b7te\u00b7s les ancien\u00b7ne\u00b7s ministres recas\u00e9\u00b7e\u00b7s \u00e0 la t\u00eate des agences et autres missions plus ou moins strat\u00e9giques. Ces profils \u00ab&nbsp;militants&nbsp;\u00bb l\u00e0 ne g\u00eanent pas\u2026<\/p>\n\n\n\n<p>Apr\u00e8s la <strong><a href=\"https:\/\/www.legifrance.gouv.fr\/WAspad\/UnTexteDeJorf?numjo=AGRX2502679L\">loi Duplomb<\/a><\/strong> et le d\u00e9cret \u00e9tendant le pouvoir des pr\u00e9fets, c\u2019est une nouvelle attaque contre l\u2019OFB, ses agent\u00b7e\u00b7s et leur probit\u00e9.<\/p>\n\n\n\n<h3 class=\"wp-block-heading\" id=\"0.9015818170313654\">SUD Rural Territoires demande \u00e0 la ministre de revenir en arri\u00e8re. Nous exigeons un soutien plein et entier de la ministre \u00e0 ses agent\u00b7e\u00b7s.<\/h3>\n\n\n\n<p><strong>Le changement climatique et le d\u00e9clin de la biodiversit\u00e9 n\u00e9cessitent que l\u2019\u00c9tat dispose de moyens d\u2019action, et une politique \u00e0 la hauteur des enjeux.<\/strong><\/p>\n","protected":false},"excerpt":{"rendered":"<p>Si certain\u00b7e\u00b7s parmi nous avaient eu l\u2019espoir, avec la nomination de Madame Monique Barbut au minist\u00e8re charg\u00e9 de l\u2019environnement, d\u2019avoir enfin une ministre qui d\u00e9fendrait son administration et ses missions, ils et elles n\u2019auront pas tard\u00e9 \u00e0 \u00eatre d\u00e9\u00e7u\u00b7e\u00b7s. \u00c0 peine trois mois apr\u00e8s son arriv\u00e9e aux affaires, la ministre c\u00e8de aux sir\u00e8nes de la [&hellip;]<\/p>\n","protected":false},"author":1,"featured_media":34,"comment_status":"open","ping_status":"open","sticky":false,"template":"","format":"standard","meta":{"footnotes":""},"categories":[1],"tags":[7],"class_list":["post-33","post","type-post","status-publish","format-standard","has-post-thumbnail","hentry","category-non-classe","tag-elan-commun"],"_links":{"self":[{"href":"https:\/\/www.la-famille.org\/sud-rural\/wp-json\/wp\/v2\/posts\/33","targetHints":{"allow":["GET"]}}],"collection":[{"href":"https:\/\/www.la-famille.org\/sud-rural\/wp-json\/wp\/v2\/posts"}],"about":[{"href":"https:\/\/www.la-famille.org\/sud-rural\/wp-json\/wp\/v2\/types\/post"}],"author":[{"embeddable":true,"href":"https:\/\/www.la-famille.org\/sud-rural\/wp-json\/wp\/v2\/users\/1"}],"replies":[{"embeddable":true,"href":"https:\/\/www.la-famille.org\/sud-rural\/wp-json\/wp\/v2\/comments?post=33"}],"version-history":[{"count":1,"href":"https:\/\/www.la-famille.org\/sud-rural\/wp-json\/wp\/v2\/posts\/33\/revisions"}],"predecessor-version":[{"id":35,"href":"https:\/\/www.la-famille.org\/sud-rural\/wp-json\/wp\/v2\/posts\/33\/revisions\/35"}],"wp:featuredmedia":[{"embeddable":true,"href":"https:\/\/www.la-famille.org\/sud-rural\/wp-json\/wp\/v2\/media\/34"}],"wp:attachment":[{"href":"https:\/\/www.la-famille.org\/sud-rural\/wp-json\/wp\/v2\/media?parent=33"}],"wp:term":[{"taxonomy":"category","embeddable":true,"href":"https:\/\/www.la-famille.org\/sud-rural\/wp-json\/wp\/v2\/categories?post=33"},{"taxonomy":"post_tag","embeddable":true,"href":"https:\/\/www.la-famille.org\/sud-rural\/wp-json\/wp\/v2\/tags?post=33"}],"curies":[{"name":"wp","href":"https:\/\/api.w.org\/{rel}","templated":true}]}}