{"id":36,"date":"2026-04-27T15:23:28","date_gmt":"2026-04-27T13:23:28","guid":{"rendered":"https:\/\/www.la-famille.org\/sud-rural\/?p=36"},"modified":"2026-04-27T16:15:55","modified_gmt":"2026-04-27T14:15:55","slug":"on-vous-ecrit-pas-depuis-le-groenland","status":"publish","type":"post","link":"https:\/\/www.la-famille.org\/sud-rural\/2026\/04\/27\/on-vous-ecrit-pas-depuis-le-groenland\/","title":{"rendered":"On vous \u00e9crit, pas depuis le Groenland"},"content":{"rendered":"\n<h2 class=\"wp-block-heading\">Les v\u0153ux de SUD Rural Territoires<\/h2>\n\n\n\n<p>Nous voil\u00e0 arriv\u00e9\u00b7e\u00b7s en 2026 ! On aimerait, avec cette nouvelle ann\u00e9e qui commence, voir se tourner les pages sombres qui ont marqu\u00e9 2025. Nous avons \u00e9t\u00e9 t\u00e9moins de ces crises qui ont secou\u00e9 le monde, aux plans social, politique, \u00e9conomique, environnemental. Nous connaissons les responsables et nous ne les oublions pas. Nous caressons l\u2019espoir, qu\u2019un jour, ils ou elles auront des comptes \u00e0 rendre \u00e0 l\u2019humanit\u00e9.<br>Fort heureusement, 2025 est aussi une ann\u00e9e de luttes et de victoires, comme le rappelle l\u2019Union Syndicale Solidaires, dans son communiqu\u00e9 national. C\u2019est \u00e9galement le cas \u00e0 l\u2019\u00e9chelle de SUD Rural Territoires. Nous pensons alors \u00e0 la lutte de nos Camarades du CFA-CFPPA de l\u2019Agrocampus P\u00e9rigord\u2026<\/p>\n\n\n\n<p>L\u2019ann\u00e9e \u00e0 venir est celle des \u00e9lections professionnelles dans nos deux minist\u00e8res (agriculture et environnement). Les enjeux sont \u00e9normes, puisqu\u2019il en va de notre repr\u00e9sentativit\u00e9 et des moyens qui nous seront allou\u00e9s pour les prochaines ann\u00e9es. Nous nous pr\u00e9parons \u00e0 cette \u00e9ch\u00e9ance, fort\u00b7e\u00b7s de votre soutien et dans le cadre de l\u2019intersyndicale l\u2019\u00c9lan Commun.<\/p>\n\n\n\n<p>Convaincu\u00b7e\u00b7s que le syndicalisme de lutte et de transformation sociale est le plus \u00e0 m\u00eame de changer la donne, nous maintiendrons notre cap pour cette ann\u00e9e.<\/p>\n\n\n\n<h4 class=\"wp-block-heading\">Nous vous souhaitons, ainsi qu\u2019\u00e0 vos proches, une belle ann\u00e9e 2026 solidaire.<\/h4>\n","protected":false},"excerpt":{"rendered":"<p>Les v\u0153ux de SUD Rural Territoires Nous voil\u00e0 arriv\u00e9\u00b7e\u00b7s en 2026 ! On aimerait, avec cette nouvelle ann\u00e9e qui commence, voir se tourner les pages sombres qui ont marqu\u00e9 2025. Nous avons \u00e9t\u00e9 t\u00e9moins de ces crises qui ont secou\u00e9 le monde, aux plans social, politique, \u00e9conomique, environnemental. Nous connaissons les responsables et nous ne [&hellip;]<\/p>\n","protected":false},"author":1,"featured_media":20,"comment_status":"open","ping_status":"open","sticky":false,"template":"","format":"standard","meta":{"footnotes":""},"categories":[1],"tags":[8],"class_list":["post-36","post","type-post","status-publish","format-standard","has-post-thumbnail","hentry","category-non-classe","tag-communique"],"_links":{"self":[{"href":"https:\/\/www.la-famille.org\/sud-rural\/wp-json\/wp\/v2\/posts\/36","targetHints":{"allow":["GET"]}}],"collection":[{"href":"https:\/\/www.la-famille.org\/sud-rural\/wp-json\/wp\/v2\/posts"}],"about":[{"href":"https:\/\/www.la-famille.org\/sud-rural\/wp-json\/wp\/v2\/types\/post"}],"author":[{"embeddable":true,"href":"https:\/\/www.la-famille.org\/sud-rural\/wp-json\/wp\/v2\/users\/1"}],"replies":[{"embeddable":true,"href":"https:\/\/www.la-famille.org\/sud-rural\/wp-json\/wp\/v2\/comments?post=36"}],"version-history":[{"count":1,"href":"https:\/\/www.la-famille.org\/sud-rural\/wp-json\/wp\/v2\/posts\/36\/revisions"}],"predecessor-version":[{"id":38,"href":"https:\/\/www.la-famille.org\/sud-rural\/wp-json\/wp\/v2\/posts\/36\/revisions\/38"}],"wp:featuredmedia":[{"embeddable":true,"href":"https:\/\/www.la-famille.org\/sud-rural\/wp-json\/wp\/v2\/media\/20"}],"wp:attachment":[{"href":"https:\/\/www.la-famille.org\/sud-rural\/wp-json\/wp\/v2\/media?parent=36"}],"wp:term":[{"taxonomy":"category","embeddable":true,"href":"https:\/\/www.la-famille.org\/sud-rural\/wp-json\/wp\/v2\/categories?post=36"},{"taxonomy":"post_tag","embeddable":true,"href":"https:\/\/www.la-famille.org\/sud-rural\/wp-json\/wp\/v2\/tags?post=36"}],"curies":[{"name":"wp","href":"https:\/\/api.w.org\/{rel}","templated":true}]}}